{"id":1151,"date":"2024-05-19T19:28:27","date_gmt":"2024-05-19T16:28:27","guid":{"rendered":"https:\/\/amlr.ro\/?p=1151"},"modified":"2024-09-04T15:05:17","modified_gmt":"2024-09-04T12:05:17","slug":"scoala-de-vara-amlr","status":"publish","type":"post","link":"https:\/\/amlr.ro\/?p=1151","title":{"rendered":"\u0218coala de var\u0103 AMLR"},"content":{"rendered":"\n<p>Asocia\u021bia de Medicin\u0103 de Laborator din Rom\u00e2nia are pl\u0103cerea de a anun\u021ba cea de-a doua edi\u021bie a \u0218colii de var\u0103 pentru medici reziden\u021bi (2024), care va avea loc \u00eentre 12 \u0219i 15 septembrie 2024 la Sovata (jude\u021b Mure\u0219).<\/p>\n\n\n\n<p>Acest eveniment este dedicat medicilor reziden\u021bi \u00een specialitatea Medicin\u0103 de Laborator din Rom\u00e2nia. Prin \u0219coala de var\u0103, AMLR dore\u0219te s\u0103 investeasc\u0103 \u00een medicii reziden\u021bi , s\u0103 le ofere oportunit\u0103\u021bi de dezvoltare profesional\u0103, s\u0103 \u00eencurajeze rela\u021biile de colegialitate \u00eentre tinerii medici \u0219i s\u0103 promoveze importan\u021ba apartenen\u021bei \u0219i colabor\u0103rii \u00een cadrul societ\u0103\u021bii profesionale.<\/p>\n\n\n\n<p>Spre deosebire de prima edi\u021bie (2023), competi\u021bia se va face la nivel na\u021bional, nu pe centre universitare. Dosarele de \u00eenscriere se depun \u00een format electronic la adresa <a href=\"mailto:scoaladevara@amlr.ro\">scoaladevara@amlr.ro<\/a>. Pentru detalii, v\u0103 rug\u0103m s\u0103 accesa\u021bi regulamentul.<\/p>\n\n\n\n<p>Termenul limit\u0103 pentru trimiterea dosarelor de \u00eenscriere este 31.03.2024.<\/p>\n\n\n\n<p>Aici pute\u021bi desc\u0103rca <a href=\"https:\/\/amlr.ro\/wp-content\/uploads\/2024\/02\/Procedura-SV-AMLR-actualizata-februarie-2024.pdf\" data-type=\"link\" data-id=\"https:\/\/amlr.ro\/wp-content\/uploads\/2024\/02\/Procedura-SV-AMLR-actualizata-februarie-2024.pdf\">Regulamentul <\/a>\u0219i <a href=\"https:\/\/amlr.ro\/wp-content\/uploads\/2023\/07\/ANEXA-1-SV-AMLR-finala.docx\" data-type=\"attachment\" data-id=\"1153\">Formularul de evidenta \u0219i calcul punctaje<\/a>.<\/p>\n\n\n\n<p>Responsabili de selec\u021bie:<\/p>\n\n\n\n<div class=\"wp-block-group is-layout-constrained wp-block-group-is-layout-constrained\">\n<ul class=\"wp-block-list\">\n<li>Prof. dr. Ileana Constantinescu<\/li>\n\n\n\n<li>Conf. dr. Ioana Bruda\u0219c\u0103<\/li>\n\n\n\n<li>Prof. dr. Liliana Foia<\/li>\n\n\n\n<li>Prof. Dr. Minodora Dobreanu<\/li>\n\n\n\n<li>Prof. dr. Rares Olariu<\/li>\n<\/ul>\n\n\n\n<p>Secretariat (<a href=\"mailto:scoaladevara@amlr.ro\" target=\"_blank\" rel=\"noreferrer noopener\">scoaladevara@amlr.ro<\/a>):<br>Sef de lucr. dr. Oana Oprea<br>Asist univ dr. Bogdan M\u0103nescu&nbsp;<\/p>\n\n\n\n<hr>\n\n\n\n<h2 class=\"wp-block-heading\">REZULTATE SELEC\u021aIE<\/h2>\n\n\n\n<p><img loading=\"lazy\" decoding=\"async\" class=\"alignnone size-large wp-image-1237\" src=\"https:\/\/amlr.ro\/wp-content\/uploads\/2024\/02\/Rezultate-SV-1020x1024.jpg\" alt=\"\" width=\"800\" height=\"803\" srcset=\"https:\/\/amlr.ro\/wp-content\/uploads\/2024\/02\/Rezultate-SV-1020x1024.jpg 1020w, https:\/\/amlr.ro\/wp-content\/uploads\/2024\/02\/Rezultate-SV-300x300.jpg 300w, https:\/\/amlr.ro\/wp-content\/uploads\/2024\/02\/Rezultate-SV-150x150.jpg 150w, https:\/\/amlr.ro\/wp-content\/uploads\/2024\/02\/Rezultate-SV-768x771.jpg 768w, https:\/\/amlr.ro\/wp-content\/uploads\/2024\/02\/Rezultate-SV.jpg 1367w\" sizes=\"auto, (max-width: 800px) 100vw, 800px\" \/><\/p>\n<p>\u00a0<\/p>\n<\/div>\n\n\n\n<div data-wp-interactive=\"core\/file\" class=\"wp-block-file\"><object data-wp-bind--hidden=\"!state.hasPdfPreview\" hidden class=\"wp-block-file__embed\" data=\"https:\/\/amlr.ro\/wp-content\/uploads\/2024\/05\/Program-SVAMLR-2024.pdf\" type=\"application\/pdf\" style=\"width:100%;height:600px\" aria-label=\"Embed of Program SVAMLR 2024.\"><\/object><a id=\"wp-block-file--media-63267de2-f38e-48ed-8931-6219c1d02ec3\" href=\"https:\/\/amlr.ro\/wp-content\/uploads\/2024\/05\/Program-SVAMLR-2024.pdf\">Program SVAMLR 2024<\/a><a href=\"https:\/\/amlr.ro\/wp-content\/uploads\/2024\/05\/Program-SVAMLR-2024.pdf\" class=\"wp-block-file__button wp-element-button\" download aria-describedby=\"wp-block-file--media-63267de2-f38e-48ed-8931-6219c1d02ec3\">Download<\/a><\/div>\n","protected":false},"excerpt":{"rendered":"<p>Asocia\u021bia de Medicin\u0103 de Laborator din Rom\u00e2nia are pl\u0103cerea de a anun\u021ba cea de-a doua edi\u021bie a \u0218colii de var\u0103<\/p>\n","protected":false},"author":1,"featured_media":0,"comment_status":"closed","ping_status":"open","sticky":false,"template":"","format":"standard","meta":{"colormag_page_container_layout":"default_layout","colormag_page_sidebar_layout":"default_layout","footnotes":""},"categories":[10,4],"tags":[],"class_list":["post-1151","post","type-post","status-publish","format-standard","hentry","category-cursuri","category-hot"],"_links":{"self":[{"href":"https:\/\/amlr.ro\/index.php?rest_route=\/wp\/v2\/posts\/1151","targetHints":{"allow":["GET"]}}],"collection":[{"href":"https:\/\/amlr.ro\/index.php?rest_route=\/wp\/v2\/posts"}],"about":[{"href":"https:\/\/amlr.ro\/index.php?rest_route=\/wp\/v2\/types\/post"}],"author":[{"embeddable":true,"href":"https:\/\/amlr.ro\/index.php?rest_route=\/wp\/v2\/users\/1"}],"replies":[{"embeddable":true,"href":"https:\/\/amlr.ro\/index.php?rest_route=%2Fwp%2Fv2%2Fcomments&post=1151"}],"version-history":[{"count":11,"href":"https:\/\/amlr.ro\/index.php?rest_route=\/wp\/v2\/posts\/1151\/revisions"}],"predecessor-version":[{"id":1281,"href":"https:\/\/amlr.ro\/index.php?rest_route=\/wp\/v2\/posts\/1151\/revisions\/1281"}],"wp:attachment":[{"href":"https:\/\/amlr.ro\/index.php?rest_route=%2Fwp%2Fv2%2Fmedia&parent=1151"}],"wp:term":[{"taxonomy":"category","embeddable":true,"href":"https:\/\/amlr.ro\/index.php?rest_route=%2Fwp%2Fv2%2Fcategories&post=1151"},{"taxonomy":"post_tag","embeddable":true,"href":"https:\/\/amlr.ro\/index.php?rest_route=%2Fwp%2Fv2%2Ftags&post=1151"}],"curies":[{"name":"wp","href":"https:\/\/api.w.org\/{rel}","templated":true}]}}