{"id":1106,"date":"2023-02-20T16:12:41","date_gmt":"2023-02-20T13:12:41","guid":{"rendered":"https:\/\/amlr.ro\/?p=1106"},"modified":"2023-02-20T16:15:56","modified_gmt":"2023-02-20T13:15:56","slug":"conferinta-nationala-a-asociatiei-de-medicina-de-laborator-din-romania-2023","status":"publish","type":"post","link":"https:\/\/amlr.ro\/?p=1106","title":{"rendered":"Conferin\u021ba Na\u021bional\u0103 a Asocia\u021biei de Medicin\u0103 de Laborator din Rom\u00e2nia 2023"},"content":{"rendered":"\n<p>Stima\u021bi colegi,<\/p>\n\n\n\n<p>Dorim s\u0103 v\u0103 invit\u0103m la&nbsp;<strong>Conferin\u021ba Na\u021bional\u0103 a Asocia\u021biei de Medicin\u0103 de Laborator din Rom\u00e2nia, cu participare interna\u021bional\u0103<\/strong>, care va avea loc <strong>EXCLUSIV \u00een format fizic<\/strong>, la <strong>Centrul Regional de Afaceri (CRAFT)<\/strong>, Timi\u0219oara, \u00een perioada&nbsp;<strong>14-16 iunie 2023.<\/strong><\/p>\n\n\n\n<p>Evenimentul este organizat \u00een colaborare cu Universitatea de Medicin\u0103, Farmacie, \u0218tiin\u021be \u0219i Tehnologie \u201eGeorge Emil Palade\u201d din\u00a0T\u00e2rgu Mure\u0219<em>,\u00a0<\/em>\u00a0UMF \u201cIuliu Ha\u021bieganu\u201d \u00a0Cluj Napoca,\u00a0UMF \u201cCarol Davila\u201d \u00a0Bucure\u0219ti,\u00a0UMF \u201cGrigore T. Popa\u201d \u00a0Ia\u0219i\u00a0\u0219i\u00a0UMF \u201cVictor Babe\u0219\u201d Timi\u0219oara, av\u00e2nd ca societ\u0103\u021bi profesionale partenere Societatea Rom\u00e2n\u0103 de Microbiologie \u0219i Societatea Rom\u00e2n\u0103 de Hematologie.<\/p>\n\n\n\n<p>Tematica:<\/p>\n\n\n\n<ol class=\"wp-block-list\">\n<li>Personalized approach in diagnostic and monitoring of oncological disease<\/li>\n\n\n\n<li>Immuno-biochemical markers in cardiovascular diseases<\/li>\n\n\n\n<li>Diagnostic challenges in renal diseases<\/li>\n\n\n\n<li>Diagnostic challenges in pregnancy pathology<\/li>\n\n\n\n<li>Pediatric reference intervals<\/li>\n\n\n\n<li>Involvement of monocytes in hematological diseases<\/li>\n\n\n\n<li>Morphological characterization and immunophenotyping of T-cell lymphoproliferative disorders<\/li>\n\n\n\n<li>Genetic prognostic factors in acute myeloid leukemia<\/li>\n\n\n\n<li>Post-COVID syndrome \u2013 monitorization of Long-term effects of COVID-19<\/li>\n\n\n\n<li>Changes in antibiotic resistance profile during COVID-19 pandemics \u2013 better or worse?<\/li>\n\n\n\n<li>Quality in Laboratory Medicine<\/li>\n\n\n\n<li>Malpraxis in Laboratory Medicine<\/li>\n\n\n\n<li>Varia<\/li>\n<\/ol>\n\n\n\n<p>Pentru colegii din mediul universitar, conferin\u021ba ofer\u0103 o bun\u0103 oportunitate de a-\u0219i prezenta rezultatele cercet\u0103rilor. Rezumatele vor fi publicate \u00een Revista Rom\u00e2n\u0103 de Medicin\u0103 de Laborator (indexat\u0103 Clarivate Analytics, cu factor de impact).<\/p>\n\n\n\n<p>Detalii \u0219i link \u00eenscriere: <a href=\"https:\/\/amlr.medical-congresses.ro\/inregistrare\/\">https:\/\/amlr.medical-congresses.ro\/inregistrare\/<\/a><\/p>\n\n\n\n<p><\/p>\n\n\n\n<p><strong>Evenimentul va fi creditat cu credite EMC de c\u0103tre Colegiul Medicilor din Rom\u00e2nia \u0219i<\/strong><strong>&nbsp;de c\u0103tre OBBCSSR.<\/strong><\/p>\n\n\n\n<p>Dr. Cristina MAMBET&nbsp; &nbsp; &nbsp; &nbsp; &nbsp; &nbsp; &nbsp; &nbsp; &nbsp; &nbsp; &nbsp; &nbsp; &nbsp; &nbsp; &nbsp; &nbsp; &nbsp; &nbsp; &nbsp; &nbsp; &nbsp; &nbsp; &nbsp; &nbsp; &nbsp; &nbsp; &nbsp; &nbsp; &nbsp; &nbsp; &nbsp; &nbsp; &nbsp; &nbsp; &nbsp; &nbsp; &nbsp; &nbsp; Prof. Dr. Minodora DOBREANU<br>Pre\u0219edinte AMLR&nbsp; &nbsp; &nbsp; &nbsp; &nbsp; &nbsp; &nbsp; &nbsp; &nbsp; &nbsp; &nbsp; &nbsp; &nbsp; &nbsp; &nbsp; &nbsp; &nbsp; &nbsp; &nbsp; &nbsp; &nbsp; &nbsp; &nbsp; &nbsp; &nbsp; &nbsp; &nbsp; &nbsp; &nbsp; &nbsp; &nbsp; &nbsp; &nbsp; &nbsp; &nbsp; &nbsp; &nbsp; &nbsp; &nbsp; &nbsp; &nbsp; &nbsp;Pre\u0219edinte Conferin\u021b\u0103<\/p>\n\n\n","protected":false},"excerpt":{"rendered":"<p>Stima\u021bi colegi, Dorim s\u0103 v\u0103 invit\u0103m la&nbsp;Conferin\u021ba Na\u021bional\u0103 a Asocia\u021biei de Medicin\u0103 de Laborator din Rom\u00e2nia, cu participare interna\u021bional\u0103, care<\/p>\n","protected":false},"author":1,"featured_media":1107,"comment_status":"closed","ping_status":"open","sticky":false,"template":"","format":"standard","meta":{"colormag_page_container_layout":"default_layout","colormag_page_sidebar_layout":"default_layout","footnotes":""},"categories":[4,12,2],"tags":[],"class_list":["post-1106","post","type-post","status-publish","format-standard","has-post-thumbnail","hentry","category-hot","category-manifestari-stiintifice","category-news"],"_links":{"self":[{"href":"https:\/\/amlr.ro\/index.php?rest_route=\/wp\/v2\/posts\/1106","targetHints":{"allow":["GET"]}}],"collection":[{"href":"https:\/\/amlr.ro\/index.php?rest_route=\/wp\/v2\/posts"}],"about":[{"href":"https:\/\/amlr.ro\/index.php?rest_route=\/wp\/v2\/types\/post"}],"author":[{"embeddable":true,"href":"https:\/\/amlr.ro\/index.php?rest_route=\/wp\/v2\/users\/1"}],"replies":[{"embeddable":true,"href":"https:\/\/amlr.ro\/index.php?rest_route=%2Fwp%2Fv2%2Fcomments&post=1106"}],"version-history":[{"count":3,"href":"https:\/\/amlr.ro\/index.php?rest_route=\/wp\/v2\/posts\/1106\/revisions"}],"predecessor-version":[{"id":1111,"href":"https:\/\/amlr.ro\/index.php?rest_route=\/wp\/v2\/posts\/1106\/revisions\/1111"}],"wp:featuredmedia":[{"embeddable":true,"href":"https:\/\/amlr.ro\/index.php?rest_route=\/wp\/v2\/media\/1107"}],"wp:attachment":[{"href":"https:\/\/amlr.ro\/index.php?rest_route=%2Fwp%2Fv2%2Fmedia&parent=1106"}],"wp:term":[{"taxonomy":"category","embeddable":true,"href":"https:\/\/amlr.ro\/index.php?rest_route=%2Fwp%2Fv2%2Fcategories&post=1106"},{"taxonomy":"post_tag","embeddable":true,"href":"https:\/\/amlr.ro\/index.php?rest_route=%2Fwp%2Fv2%2Ftags&post=1106"}],"curies":[{"name":"wp","href":"https:\/\/api.w.org\/{rel}","templated":true}]}}